{"id":8833,"date":"2024-03-14T11:05:47","date_gmt":"2024-03-14T10:05:47","guid":{"rendered":"https:\/\/www.logotel.it\/boh\/tempo-immaginare-altro-mondo\/"},"modified":"2024-07-10T10:57:57","modified_gmt":"2024-07-10T09:57:57","slug":"tempo-immaginare-altro-mondo","status":"publish","type":"post","link":"https:\/\/www.logotel.it\/en\/tempo-immaginare-altro-mondo\/","title":{"rendered":"It\u2019s time to imagine another world\/way"},"content":{"rendered":"\n<p>Il <a href=\"https:\/\/weconomy.it\/collections\/category\/ufo-unidentified-future-organizations\" target=\"_blank\" rel=\"noreferrer noopener\">quindicesimo numero di Weconomy<\/a>, progetto di ricerca open source di Logotel, nasce da un\u2019urgenza e da un desiderio. Perch\u00e9 \u00e8 urgente prendersi il tempo di immaginare quale specie di UFO &#8211; quelle che abbiamo definito Unidentified Future Organizations, a cui questo numero monografico \u00e8 dedicato &#8211; vogliamo essere o a quale vogliamo appartenere. \u00c8 tempo di immaginare un altro mo(n)do, perch\u00e9 non possiamo perdere questa occasione. Il Covid-19 ha innescato trasformazioni profonde nel mondo del lavoro, negli ecosistemi di business, nelle relazioni tra persone e nel nostro rapporto con comunit\u00e0 e territori. Ci ha fatto ri-scoprire quanto siano preziose e fragili le connessioni che alimentano legami che, oggi, viaggiano senza barriere tra fisico e digitale, in un ambiente che Luciano Floridi chiama <em><a href=\"https:\/\/www.treccani.it\/vocabolario\/onlife_%28Neologismi%29\/\" target=\"_blank\" rel=\"noreferrer noopener\">onlife<\/a><\/em>. La scala di questi cambiamenti \u00e8 tale da farci sentire inadeguati e per molti \u00e8 forte la tentazione di affidarsi a qualche tecnologia salvifica. Ma attenzione: la tecnologia abilita connessioni, non forme di contatto. \u00c8 quindi urgente fermarci e prenderci il tempo per immaginare quali nuove possibilit\u00e0 abbiamo davanti, per ispirarci verso un futuro che \u2013 certo \u2013 \u00e8 ancora indefinito. Ma se lo affrontiamo a partire dai significati che vogliamo dare al lavoro, potremo superare una visione dell\u2019economia che, gi\u00e0 prima della pandemia, aveva molti elementi disfunzionali e molte forme di alienazione.<\/p>\n\n<h2><span class=\"ez-toc-section\" id=\"Indietro-non-vogliamo-tornare\"><\/span>Indietro non vogliamo tornare<span class=\"ez-toc-section-end\"><\/span><\/h2>\n\n<p>Dall\u20198 marzo 2020 abbiamo capito che \u201cindietro non vogliamo tornare\u201d. L\u2019aumento delle distanze tra noi e gli altri ha modificato le norme sociali e ha cambiato il nostro modo di relazionarci, impattando sul modo in cui facciamo business. Ecco perch\u00e9, in <a href=\"\/\" target=\"_blank\" rel=\"noreferrer noopener\">Logotel<\/a>, per visualizzare potenzialit\u00e0 e rischi della modalit\u00e0 di lavoro che stava irrompendo nelle nostre vite, abbiamo da subito attivato un filone di ricerca, sperimentazione e progettualit\u00e0 dedicato al next-working. Immaginare quindi \u00e8 urgente, ma non possiamo farlo da soli. Perch\u00e9 non dobbiamo trovare una ricetta perfetta, ma raccontare quali nuove strade stiamo affrontando come organizzazioni. Le imprese infatti stanno diventano reticolari e i ruoli manageriali e professionali si stanno trasformando. E possiamo osservare ci\u00f2 in azione nelle realt\u00e0 distribuite pi\u00f9 mature, come GitLab, Automattic o Xero.<\/p>\n\n<h2><span class=\"ez-toc-section\" id=\"Tanti-punti-di-vista-per-capire-la-portata-delle-grandi-trasformazioni\"><\/span>Tanti punti di vista per capire la portata delle grandi trasformazioni<span class=\"ez-toc-section-end\"><\/span><\/h2>\n\n<p>Ed ecco il desiderio che ha animato il 15\u00b0 numero di Weconomy: entrare in contatto con tanti pi\u00f9 punti di vista possibile. Innanzitutto a partire dall\u2019esperienza che abbiamo maturato come Logotel in questo periodo di eccezione, attraverso l\u2019ascolto e la collaborazione continua con i nostri clienti e con le oltre 250 mila persone che popolano le <a href=\"https:\/\/www.logotel.it\/en\/what-we-do\/community-content\/\" target=\"_blank\" rel=\"noreferrer noopener\">oltre 42 business community che animiamo tutti i giorni<\/a>. \u00c8 il prezioso osservatorio dal quale guardiamo all\u2019evoluzione molecolare dei cambiamenti nel mondo del lavoro ed \u00e8 dove stiamo contribuendo a costruire un nuovo senso di appartenenza. E poi Weconomy si \u00e8 aperto all\u2019esterno, raccogliendo pi\u00f9 di trenta testimonianze: dal business, dall\u2019accademia, dal design.<\/p>\n\n<h2><span class=\"ez-toc-section\" id=\"Una-nuova-idea-di-comunita-reticolari-che-danno-forma-a-nuove-specie-di-organizzazioni\"><\/span>Una nuova idea di comunit\u00e0 reticolari che danno forma a nuove specie di organizzazioni<span class=\"ez-toc-section-end\"><\/span><\/h2>\n\n<p>\u00c8 cos\u00ec che UFO ha dato vita un prisma di prospettive con un elemento comune: una nuova idea di comunit\u00e0 reticolari che danno forma a nuove specie di organizzazioni. Imprese in cui l\u2019\u201cexperience lavorativa\u201d \u00e8 diversa, dove le relazioni e i legami tra persone diventano ancora pi\u00f9 cruciali perch\u00e9 animano, danno forma e sostengono le comunit\u00e0, che altrimenti si \u201csfalderebbero\u201d. Reticolare, infatti, non significa solo incrementare la distribuzione del lavoro, ma far aumentare la diversit\u00e0 dei soggetti coinvolti, delle iniziative e degli scambi. Ogni snodo e ogni persona nella rete ha una sua influenza, quindi, che moltiplica le prospettive <a href=\"https:\/\/www.logotel.it\/magazine\/non-vogliamo-nuovi-divide\/\" target=\"_blank\" rel=\"noreferrer noopener\">ma anche i divide<\/a>. E quindi non \u00e8 pi\u00f9 sufficiente la polarizzazione tra il me\/io e il super we\/organizzazione, in mezzo ci sono tante we\/ team da sostenere.<\/p>\n\n<p>Sentiamo l\u2019esigenza di capire meglio la portata di queste trasformazioni. Come siamo cambiati? Quali impatti sul nostro modo di lavorare, sulla nostra experience? Sul coordinamento? Come cambieranno i sistemi di apprendimento? Quale forma dovr\u00e0 avere la nostra futura organizzazione? Quale nuova specie di \u201ccollante\u201d dovremo alimentare per aumentare la coesione e il senso di appartenenza?<\/p>\n\n<h2><span class=\"ez-toc-section\" id=\"Le-organizzazioni-UFO-sono-indefinite-ma-la-nostra-immaginazione-non-puo-esserlo\"><\/span>Le organizzazioni UFO sono indefinite, ma la nostra immaginazione non pu\u00f2 esserlo<span class=\"ez-toc-section-end\"><\/span><\/h2>\n\n<p>Per il design la capacit\u00e0 di immaginare \u00e8 cruciale nella gestione di progetti trasformativi. Per creare qualcosa di nuovo e generare un cambiamento dobbiamo \u201csaper vedere\u201d il problema, per poi essere in grado di immaginare come le cose potrebbero essere diverse. Perch\u00e9 il futuro \u00e8 un luogo, un appuntamento in cui la realt\u00e0 che viviamo pu\u00f2 essere proiettata verso una dimensione preferibile. Per dargli forma e creare un futuro (o futuri?) dobbiamo prima di tutto essere in grado di interpretare i cambiamenti nella loro ampiezza, immaginarne le implicazioni e \u201csaperli far vedere\u201d agli altri. E renderli cos\u00ec comprensibili, accettabili e attrattivi per tutti. E cio\u00e8 inclusivi. Solo cos\u00ec guideremo e riusciremo a \u201cmettere a terra\u201d le nuove specie di organizzazioni. Perch\u00e9 le organizzazioni UFO sono indefinite, ma la nostra immaginazione non pu\u00f2 esserlo. Deve partire da alcuni punti fermi, che riguardano le nuove forme di coesione; i nuovi ambienti collaborativi; reti di cura, e nuove forme di partecipazione alle grandi transizioni in corso.<\/p>\n\n<h3><span class=\"ez-toc-section\" id=\"1-Immaginiamo-nuovi-equilibri-tra-la-liberta-dei-singoli-e-nuove-forme-di-coesione\"><\/span>1. Immaginiamo nuovi equilibri tra la libert\u00e0 dei singoli e nuove forme di coesione<span class=\"ez-toc-section-end\"><\/span><\/h3>\n\n<p>Uno dei cambiamenti pi\u00f9 visibili nel nostro modo di lavorare riguarda la scomparsa di confini netti tra vita lavorativa e vita privata. Pu\u00f2 generare nuove forme di burnout, ma \u00e8 un\u2019occasione per dar vita a una nuova armonia, che superi i ritmi tayloristici. Per attivare questa nuova visione abbiamo bisogno di un nuovo concetto, che \u00e8 ben presente nelle organizzazioni UFO: le reti di influenza. Perch\u00e9 le vecchie gerarchie e le strutture di controllo non funzionano pi\u00f9. Cambiano quindi le forme di leader, che oggi abitano una zona intermedia tra \u201ccaos generativo e quiete dell\u2019efficienza\u201d. Ma non solo, ci\u00f2 che fa vivere le organizzazioni UFO \u00e8 la disponibilit\u00e0 e la capacit\u00e0 di entrare in contatto con tutto l\u2019ecosistema, indipendentemente dai task assegnati ai singoli. \u00c8 un concetto che pu\u00f2 essere declinato in molte forme: a partire dalle responsabilit\u00e0 individuali nell\u2019alimentare significati collettivi o attivando sperimentazioni continue che mettano al centro i team di lavoro, intesi come la vera dimensione della socialit\u00e0; oppure attraverso un lavoro consapevole che faccia emergere tutta la conoscenza aziendale, rendendola pratica e riconoscibile. Ogni strada d\u00e0 vita a una specie diversa di UFO, ma tutte hanno bisogno di un elemento sociale: i rituali. Sono elementi da progettare e costruire, perch\u00e9 danno il ritmo in un ambiente totalmente fluido. I rituali alimentano la dimensione partecipativa, permettono di imparare, trasmettono i significati e il valore. Danno forma alla collaborazione negli spazi ibridi che, altrimenti, \u00e8 senza forma. Se non chiariamo questo aspetto, come faremo a fare il design delle nostre organizzazioni e dei nostri ecosistemi? \u00c8 quindi necessario lavorare sull\u2019experience dei servizi per i nostri clienti interni ed esterni, dei nostri spazi fisici e digitali di collaborazione.<\/p>\n\n<h3><span class=\"ez-toc-section\" id=\"2-Immaginiamo-nuovi-ambienti-collaborativi\"><\/span>2. Immaginiamo nuovi ambienti collaborativi<span class=\"ez-toc-section-end\"><\/span><\/h3>\n\n<p>Quando ci imbattiamo nelle organizzazioni del futuro, leggiamo spesso la parola \u201cibrido\u201d. \u00c8 un termine che invita a mettere in relazione ambienti diversi (fisico e digitale, spazi individuali e luoghi collettivi, citt\u00e0 e headquarter di multinazionali). Insomma, \u00e8 qualcosa che apre a nuove possibilit\u00e0, che deve essere esplorato a partire da una prospettiva di senso. Leggere le organizzazioni come un fatto estetico ci permette di capire se il lavoro che avverr\u00e0 all\u2019interno di questi spazi sia bello oppure no, prima che efficace o efficiente. La bellezza \u00e8 un concetto relazionale perch\u00e9 induce le persone all\u2019azione e quindi a collaborare. E, di conseguenza, a far accadere qualcosa di significativo, che spinge le persone a essere insieme in uno stesso luogo. E cos\u00ec lo spazio non \u00e8 un luogo da riempire di oggetti, ma un ambiente che potenzia i legami tra gruppi di lavoro, anche per indugiare insieme ed essere consapevoli di quando \u00e8 necessario separarsi (oggi, infatti, \u00e8 importante riflettere anche su cosa siano gli \u201cspazi personali\u201d). Se <a href=\"https:\/\/www.logotel.it\/en\/magazine\/ricerca-identita-spazi-lavoro\/\" target=\"_blank\" rel=\"noreferrer noopener\">recuperare la dimensione fisica negli ambienti \u00e8 essenziale<\/a>, anche quelli digitali non possono pi\u00f9 essere pensati come piattaforme dedicate alla distribuzione delle informazioni, ma letti come comunit\u00e0 che veicolino scambi di valore. Ed ecco un\u2019altra sfida: non limitarci a progettare forme di contatto al nostro interno, ma patire dalle dinamiche interno-esterno di cui si nutrono gli ambienti ibridi.<\/p>\n\n<h3><span class=\"ez-toc-section\" id=\"3-Immaginiamo-come-nutrire-le-reti-di-cura\"><\/span>3. Immaginiamo come nutrire le reti di cura<span class=\"ez-toc-section-end\"><\/span><\/h3>\n\n<p>L\u2019antropologo sociale Thomas Hylland Eriksen ci fa notare che, con la pandemia, abbiamo imparato tanto sul digitale, ma ancora di pi\u00f9 sul mondo fisico. E non solo a causa della nostalgia per gli eventi che ci ha colti durante i lockdown. Il mondo fisico \u00e8 diventato un elemento di una rete pi\u00f9 ampia e complessa, in un ecosistema di relazioni di cui dobbiamo prenderci cura e in grado di intercettare anche la dimensione della sostenibilit\u00e0 che implica una reinterpretazione complessiva dell\u2019attivit\u00e0 d\u2019impresa. E quindi diventa fondamentale attivare una dinamica di ascolto e osservazione, per generare benessere all\u2019interno delle organizzazioni; comprendere i nuovi bisogni dei clienti e allargare ancora lo sguardo, verso territori, comunit\u00e0 e specie che fanno sempre pi\u00f9 parte di un business la cui ambizione \u00e8 generare impatti positivi. \u00c8 su questo livello che si intersecano la dimensione del change con quella del learning che \u2013 insieme \u2013 abilitano le persone a vivere il quotidiano e accompagnano il reshaping delle organizzazioni, <a href=\"\/magazine\/chi-impara-sopravvive-bastera\/\" target=\"_blank\" rel=\"noreferrer noopener\">come spiega Jessica Aroni nel suo contributo<\/a>.<\/p>\n\n<h3><span class=\"ez-toc-section\" id=\"4-La-grande-transizione-ecco-lorizzonte-piu-grande\"><\/span>4. La grande transizione: ecco l\u2019orizzonte pi\u00f9 grande<span class=\"ez-toc-section-end\"><\/span><\/h3>\n\n<p>Le nuove specie di lavoro si limitano quindi alle sperimentazioni per ottimizzare il numero di giorni da passare a casa e in ufficio? Oppure per scegliere la tecnologia migliore per supportare i modelli ibridi? No di certo. Immaginare le organizzazioni UFO \u00e8 molto pi\u00f9 profondo, non solo per il business e per migliorare la qualit\u00e0 della vita delle persone \u2013 e sono gi\u00e0 sfide molto complesse. Per esempio, il passaggio a un modello di scambio di valore tra azienda e collaboratori one-to-one \u00e8 la chiave fondamentale per acquisire, trattenere e sviluppare il best of breed nelle imprese, <a href=\"https:\/\/www.logotel.it\/en\/magazine\/basta-one-for-all\/\" target=\"_blank\" rel=\"noreferrer noopener\">come sostiene Daniele Cerra nel suo articolo<\/a>. Ma la posta in gioco \u00e8 ancora pi\u00f9 grande: introdurre elementi dinamici e creativi, in grado di attivare network di comunit\u00e0 per affrontare un mondo e un mercato che, nei prossimi anni, affronteranno enormi trasformazioni. Dalla transizione energetica, alla rivoluzione elettrica nella mobilit\u00e0, alle citt\u00e0 dei 15 minuti, fino all\u2019importanza di far prosperare la dimensione economica insieme a quella sociale e ambientale. E questi sono solo alcuni dei grandi temi, pianeti da esplorare che non possiamo pi\u00f9 non vedere.<\/p>\n\n<p>Il 15\u00b0 numero di Weconomy pu\u00f2 farvi avvistare nuove specie \u2013 di collaboratori, organizzazioni, clienti e comunit\u00e0 \u2013 con cui entrare in contatto. Possiamo dirvi che, in Logotel, UFO ha generato una trasformazione, aiutandoci a inquadrare una nuova dimensione progettuale per un mondo reticolare, ibrido, online e sostenibile. <\/p>\n\n<div class=\"wp-block-lgtl-weconomy\"><div class=\"weconomy__cover\"><figure><img loading=\"lazy\" src=\"https:\/\/www.logotel.it\/wp-content\/uploads\/2024\/06\/copertina-Weconomy-15.jpg\" width=\"320\" height=\"420\"\/><\/figure><\/div><div class=\"weconomy__article\"><div class=\"weconomy__author\"><figure class=\"weconomy__author-picture\"><img loading=\"lazy\" src=\"https:\/\/www.logotel.it\/wp-content\/uploads\/2021\/09\/Favini_Cristina@2x.jpg\" width=\"64\" height=\"64\"\/><\/figure><div class=\"weconomy__author-info\"><h5 class=\"weconomy__author-name h4\">Cristina Favini<\/h5><h5 class=\"weconomy__author-job h4\">Chief Design Officer Logotel<\/h5><\/div><\/div><p class=\"weconomy__link\">Published in <a href=\"https:\/\/weconomy.it\/collections\/category\/ufo-unidentified-future-organizations\" target=\"_blank\" rel=\"noopener noreferrer\">Weconomy 15 &#8211; UFO. Unidentified future organizations<\/a><\/p><img src=\"\/wp-content\/themes\/logotel-2021\/assets\/images\/weconomy_logo.png\" class=\"weconomy__logo\" alt=\"Weconomy\"\/><\/div><\/div>\n<div id=\"ez-toc-container\" class=\"ez-toc-v2_0_79_2 counter-hierarchy ez-toc-counter ez-toc-grey ez-toc-container-direction\">\n<div class=\"ez-toc-title-container\">\n<span class=\"ez-toc-title-toggle\"><\/span><\/div>\n<nav><ul class='ez-toc-list ez-toc-list-level-1 ' ><li class='ez-toc-page-1 ez-toc-heading-level-2'><a class=\"ez-toc-link ez-toc-heading-1\" href=\"#\" data-href=\"https:\/\/www.logotel.it\/en\/tempo-immaginare-altro-mondo\/#Indietro-non-vogliamo-tornare\" >Indietro non vogliamo tornare<\/a><\/li><li class='ez-toc-page-1 ez-toc-heading-level-2'><a class=\"ez-toc-link ez-toc-heading-2\" href=\"#\" data-href=\"https:\/\/www.logotel.it\/en\/tempo-immaginare-altro-mondo\/#Tanti-punti-di-vista-per-capire-la-portata-delle-grandi-trasformazioni\" >Tanti punti di vista per capire la portata delle grandi trasformazioni<\/a><\/li><li class='ez-toc-page-1 ez-toc-heading-level-2'><a class=\"ez-toc-link ez-toc-heading-3\" href=\"#\" data-href=\"https:\/\/www.logotel.it\/en\/tempo-immaginare-altro-mondo\/#Una-nuova-idea-di-comunita-reticolari-che-danno-forma-a-nuove-specie-di-organizzazioni\" >Una nuova idea di comunit\u00e0 reticolari che danno forma a nuove specie di organizzazioni<\/a><\/li><li class='ez-toc-page-1 ez-toc-heading-level-2'><a class=\"ez-toc-link ez-toc-heading-4\" href=\"#\" data-href=\"https:\/\/www.logotel.it\/en\/tempo-immaginare-altro-mondo\/#Le-organizzazioni-UFO-sono-indefinite-ma-la-nostra-immaginazione-non-puo-esserlo\" >Le organizzazioni UFO sono indefinite, ma la nostra immaginazione non pu\u00f2 esserlo<\/a><ul class='ez-toc-list-level-3' ><li class='ez-toc-heading-level-3'><a class=\"ez-toc-link ez-toc-heading-5\" href=\"#\" data-href=\"https:\/\/www.logotel.it\/en\/tempo-immaginare-altro-mondo\/#1-Immaginiamo-nuovi-equilibri-tra-la-liberta-dei-singoli-e-nuove-forme-di-coesione\" >1. Immaginiamo nuovi equilibri tra la libert\u00e0 dei singoli e nuove forme di coesione<\/a><\/li><li class='ez-toc-page-1 ez-toc-heading-level-3'><a class=\"ez-toc-link ez-toc-heading-6\" href=\"#\" data-href=\"https:\/\/www.logotel.it\/en\/tempo-immaginare-altro-mondo\/#2-Immaginiamo-nuovi-ambienti-collaborativi\" >2. Immaginiamo nuovi ambienti collaborativi<\/a><\/li><li class='ez-toc-page-1 ez-toc-heading-level-3'><a class=\"ez-toc-link ez-toc-heading-7\" href=\"#\" data-href=\"https:\/\/www.logotel.it\/en\/tempo-immaginare-altro-mondo\/#3-Immaginiamo-come-nutrire-le-reti-di-cura\" >3. Immaginiamo come nutrire le reti di cura<\/a><\/li><li class='ez-toc-page-1 ez-toc-heading-level-3'><a class=\"ez-toc-link ez-toc-heading-8\" href=\"#\" data-href=\"https:\/\/www.logotel.it\/en\/tempo-immaginare-altro-mondo\/#4-La-grande-transizione-ecco-lorizzonte-piu-grande\" >4. La grande transizione: ecco l\u2019orizzonte pi\u00f9 grande<\/a><\/li><\/ul><\/li><\/ul><\/nav><\/div>\n","protected":false},"excerpt":{"rendered":"<p>The 15th issue of Weconomy investigates a new idea of reticular communities shaping new species of &#8220;UFO&#8221; (Unidentified Future Organizations) organizations. It is time to imagine which species of UFO we want to be or to which we want to belong.<\/p>\n","protected":false},"author":14,"featured_media":8389,"comment_status":"closed","ping_status":"closed","sticky":false,"template":"","format":"standard","meta":{"inline_featured_image":false},"categories":[128],"tags":[],"yoast_head":"<!-- This site is optimized with the Yoast SEO plugin v19.3 - https:\/\/yoast.com\/wordpress\/plugins\/seo\/ -->\n<title>It\u2019s time to imagine another world\/way<\/title>\n<meta name=\"description\" content=\"The 15th issue of Weconomy investigates a new idea of reticular communities shaping new species of &quot;UFO&quot; organizations.\" \/>\n<meta name=\"robots\" content=\"index, follow, max-snippet:-1, max-image-preview:large, max-video-preview:-1\" \/>\n<link rel=\"canonical\" href=\"https:\/\/www.logotel.it\/en\/tempo-immaginare-altro-mondo\/\" \/>\n<meta property=\"og:locale\" content=\"en_US\" \/>\n<meta property=\"og:type\" content=\"article\" \/>\n<meta property=\"og:title\" content=\"It\u2019s time to imagine another world\/way\" \/>\n<meta property=\"og:description\" content=\"The 15th issue of Weconomy investigates a new idea of reticular communities shaping new species of &quot;UFO&quot; organizations.\" \/>\n<meta property=\"og:url\" content=\"https:\/\/www.logotel.it\/en\/tempo-immaginare-altro-mondo\/\" \/>\n<meta property=\"og:site_name\" content=\"Logotel\" \/>\n<meta property=\"article:published_time\" content=\"2024-03-14T10:05:47+00:00\" \/>\n<meta property=\"article:modified_time\" content=\"2024-07-10T09:57:57+00:00\" \/>\n<meta property=\"og:image\" content=\"https:\/\/www.logotel.it\/wp-content\/uploads\/2024\/03\/immaginare-altro-mondo.jpg\" \/>\n\t<meta property=\"og:image:width\" content=\"4000\" \/>\n\t<meta property=\"og:image:height\" content=\"1200\" \/>\n\t<meta property=\"og:image:type\" content=\"image\/jpeg\" \/>\n<meta name=\"author\" content=\"Francesco Loiacono\" \/>\n<meta name=\"twitter:card\" content=\"summary_large_image\" \/>\n<meta name=\"twitter:label1\" content=\"Written by\" \/>\n\t<meta name=\"twitter:data1\" content=\"Francesco Loiacono\" \/>\n\t<meta name=\"twitter:label2\" content=\"Est. reading time\" \/>\n\t<meta name=\"twitter:data2\" content=\"10 minutes\" \/>\n<script type=\"application\/ld+json\" class=\"yoast-schema-graph\">{\"@context\":\"https:\/\/schema.org\",\"@graph\":[{\"@type\":\"WebSite\",\"@id\":\"https:\/\/www.logotel.it\/en\/#website\",\"url\":\"https:\/\/www.logotel.it\/en\/\",\"name\":\"Logotel\",\"description\":\"the independent design company\",\"potentialAction\":[{\"@type\":\"SearchAction\",\"target\":{\"@type\":\"EntryPoint\",\"urlTemplate\":\"https:\/\/www.logotel.it\/en\/?s={search_term_string}\"},\"query-input\":\"required name=search_term_string\"}],\"inLanguage\":\"en-US\"},{\"@type\":\"ImageObject\",\"inLanguage\":\"en-US\",\"@id\":\"https:\/\/www.logotel.it\/en\/tempo-immaginare-altro-mondo\/#primaryimage\",\"url\":\"https:\/\/www.logotel.it\/wp-content\/uploads\/2024\/03\/immaginare-altro-mondo.jpg\",\"contentUrl\":\"https:\/\/www.logotel.it\/wp-content\/uploads\/2024\/03\/immaginare-altro-mondo.jpg\",\"width\":4000,\"height\":1200},{\"@type\":\"WebPage\",\"@id\":\"https:\/\/www.logotel.it\/en\/tempo-immaginare-altro-mondo\/\",\"url\":\"https:\/\/www.logotel.it\/en\/tempo-immaginare-altro-mondo\/\",\"name\":\"It\u2019s time to imagine another world\/way\",\"isPartOf\":{\"@id\":\"https:\/\/www.logotel.it\/en\/#website\"},\"primaryImageOfPage\":{\"@id\":\"https:\/\/www.logotel.it\/en\/tempo-immaginare-altro-mondo\/#primaryimage\"},\"datePublished\":\"2024-03-14T10:05:47+00:00\",\"dateModified\":\"2024-07-10T09:57:57+00:00\",\"author\":{\"@id\":\"https:\/\/www.logotel.it\/en\/#\/schema\/person\/88178b6706b3e0a1c2c6fbf8efd99c84\"},\"description\":\"The 15th issue of Weconomy investigates a new idea of reticular communities shaping new species of \\\"UFO\\\" organizations.\",\"breadcrumb\":{\"@id\":\"https:\/\/www.logotel.it\/en\/tempo-immaginare-altro-mondo\/#breadcrumb\"},\"inLanguage\":\"en-US\",\"potentialAction\":[{\"@type\":\"ReadAction\",\"target\":[\"https:\/\/www.logotel.it\/en\/tempo-immaginare-altro-mondo\/\"]}]},{\"@type\":\"BreadcrumbList\",\"@id\":\"https:\/\/www.logotel.it\/en\/tempo-immaginare-altro-mondo\/#breadcrumb\",\"itemListElement\":[{\"@type\":\"ListItem\",\"position\":1,\"name\":\"It\u2019s time to imagine another world\/way\"}]},{\"@type\":\"Person\",\"@id\":\"https:\/\/www.logotel.it\/en\/#\/schema\/person\/88178b6706b3e0a1c2c6fbf8efd99c84\",\"name\":\"Francesco Loiacono\",\"image\":{\"@type\":\"ImageObject\",\"inLanguage\":\"en-US\",\"@id\":\"https:\/\/www.logotel.it\/en\/#\/schema\/person\/image\/\",\"url\":\"https:\/\/secure.gravatar.com\/avatar\/e794068fee0059bc13cfd040c7b412ca?s=96&d=mm&r=g\",\"contentUrl\":\"https:\/\/secure.gravatar.com\/avatar\/e794068fee0059bc13cfd040c7b412ca?s=96&d=mm&r=g\",\"caption\":\"Francesco Loiacono\"}}]}<\/script>\n<!-- \/ Yoast SEO plugin. -->","yoast_head_json":{"title":"It\u2019s time to imagine another world\/way","description":"The 15th issue of Weconomy investigates a new idea of reticular communities shaping new species of \"UFO\" organizations.","robots":{"index":"index","follow":"follow","max-snippet":"max-snippet:-1","max-image-preview":"max-image-preview:large","max-video-preview":"max-video-preview:-1"},"canonical":"https:\/\/www.logotel.it\/en\/tempo-immaginare-altro-mondo\/","og_locale":"en_US","og_type":"article","og_title":"It\u2019s time to imagine another world\/way","og_description":"The 15th issue of Weconomy investigates a new idea of reticular communities shaping new species of \"UFO\" organizations.","og_url":"https:\/\/www.logotel.it\/en\/tempo-immaginare-altro-mondo\/","og_site_name":"Logotel","article_published_time":"2024-03-14T10:05:47+00:00","article_modified_time":"2024-07-10T09:57:57+00:00","og_image":[{"width":4000,"height":1200,"url":"https:\/\/www.logotel.it\/wp-content\/uploads\/2024\/03\/immaginare-altro-mondo.jpg","type":"image\/jpeg"}],"author":"Francesco Loiacono","twitter_card":"summary_large_image","twitter_misc":{"Written by":"Francesco Loiacono","Est. reading time":"10 minutes"},"schema":{"@context":"https:\/\/schema.org","@graph":[{"@type":"WebSite","@id":"https:\/\/www.logotel.it\/en\/#website","url":"https:\/\/www.logotel.it\/en\/","name":"Logotel","description":"the independent design company","potentialAction":[{"@type":"SearchAction","target":{"@type":"EntryPoint","urlTemplate":"https:\/\/www.logotel.it\/en\/?s={search_term_string}"},"query-input":"required name=search_term_string"}],"inLanguage":"en-US"},{"@type":"ImageObject","inLanguage":"en-US","@id":"https:\/\/www.logotel.it\/en\/tempo-immaginare-altro-mondo\/#primaryimage","url":"https:\/\/www.logotel.it\/wp-content\/uploads\/2024\/03\/immaginare-altro-mondo.jpg","contentUrl":"https:\/\/www.logotel.it\/wp-content\/uploads\/2024\/03\/immaginare-altro-mondo.jpg","width":4000,"height":1200},{"@type":"WebPage","@id":"https:\/\/www.logotel.it\/en\/tempo-immaginare-altro-mondo\/","url":"https:\/\/www.logotel.it\/en\/tempo-immaginare-altro-mondo\/","name":"It\u2019s time to imagine another world\/way","isPartOf":{"@id":"https:\/\/www.logotel.it\/en\/#website"},"primaryImageOfPage":{"@id":"https:\/\/www.logotel.it\/en\/tempo-immaginare-altro-mondo\/#primaryimage"},"datePublished":"2024-03-14T10:05:47+00:00","dateModified":"2024-07-10T09:57:57+00:00","author":{"@id":"https:\/\/www.logotel.it\/en\/#\/schema\/person\/88178b6706b3e0a1c2c6fbf8efd99c84"},"description":"The 15th issue of Weconomy investigates a new idea of reticular communities shaping new species of \"UFO\" organizations.","breadcrumb":{"@id":"https:\/\/www.logotel.it\/en\/tempo-immaginare-altro-mondo\/#breadcrumb"},"inLanguage":"en-US","potentialAction":[{"@type":"ReadAction","target":["https:\/\/www.logotel.it\/en\/tempo-immaginare-altro-mondo\/"]}]},{"@type":"BreadcrumbList","@id":"https:\/\/www.logotel.it\/en\/tempo-immaginare-altro-mondo\/#breadcrumb","itemListElement":[{"@type":"ListItem","position":1,"name":"It\u2019s time to imagine another world\/way"}]},{"@type":"Person","@id":"https:\/\/www.logotel.it\/en\/#\/schema\/person\/88178b6706b3e0a1c2c6fbf8efd99c84","name":"Francesco Loiacono","image":{"@type":"ImageObject","inLanguage":"en-US","@id":"https:\/\/www.logotel.it\/en\/#\/schema\/person\/image\/","url":"https:\/\/secure.gravatar.com\/avatar\/e794068fee0059bc13cfd040c7b412ca?s=96&d=mm&r=g","contentUrl":"https:\/\/secure.gravatar.com\/avatar\/e794068fee0059bc13cfd040c7b412ca?s=96&d=mm&r=g","caption":"Francesco Loiacono"}}]}},"wp:featuredmedia":[{"alt_text":"","media_details":{"sizes":{"medium":{"file":"immaginare-altro-mondo-300x90.jpg","width":300,"height":90,"mime-type":"image\/jpeg","source_url":"https:\/\/www.logotel.it\/wp-content\/uploads\/2024\/03\/immaginare-altro-mondo-300x90.jpg"},"large":{"file":"immaginare-altro-mondo-1024x307.jpg","width":1024,"height":307,"mime-type":"image\/jpeg","source_url":"https:\/\/www.logotel.it\/wp-content\/uploads\/2024\/03\/immaginare-altro-mondo-1024x307.jpg"},"thumbnail":{"file":"immaginare-altro-mondo-150x150.jpg","width":150,"height":150,"mime-type":"image\/jpeg","source_url":"https:\/\/www.logotel.it\/wp-content\/uploads\/2024\/03\/immaginare-altro-mondo-150x150.jpg"},"1536x1536":{"file":"immaginare-altro-mondo-1536x461.jpg","width":1536,"height":461,"mime-type":"image\/jpeg","source_url":"https:\/\/www.logotel.it\/wp-content\/uploads\/2024\/03\/immaginare-altro-mondo-1536x461.jpg"},"2048x2048":{"file":"immaginare-altro-mondo-2048x614.jpg","width":2048,"height":614,"mime-type":"image\/jpeg","source_url":"https:\/\/www.logotel.it\/wp-content\/uploads\/2024\/03\/immaginare-altro-mondo-2048x614.jpg"},"post-thumbnail":{"file":"immaginare-altro-mondo-1568x470.jpg","width":1568,"height":470,"mime-type":"image\/jpeg","source_url":"https:\/\/www.logotel.it\/wp-content\/uploads\/2024\/03\/immaginare-altro-mondo-1568x470.jpg"},"person-thumbnail":{"file":"immaginare-altro-mondo-315x315.jpg","width":315,"height":315,"mime-type":"image\/jpeg","source_url":"https:\/\/www.logotel.it\/wp-content\/uploads\/2024\/03\/immaginare-altro-mondo-315x315.jpg"}}},"source_url":"https:\/\/www.logotel.it\/wp-content\/uploads\/2024\/03\/immaginare-altro-mondo.jpg"}],"_links":{"self":[{"href":"https:\/\/www.logotel.it\/en\/wp-json\/wp\/v2\/posts\/8833"}],"collection":[{"href":"https:\/\/www.logotel.it\/en\/wp-json\/wp\/v2\/posts"}],"about":[{"href":"https:\/\/www.logotel.it\/en\/wp-json\/wp\/v2\/types\/post"}],"author":[{"embeddable":true,"href":"https:\/\/www.logotel.it\/en\/wp-json\/wp\/v2\/users\/14"}],"replies":[{"embeddable":true,"href":"https:\/\/www.logotel.it\/en\/wp-json\/wp\/v2\/comments?post=8833"}],"version-history":[{"count":4,"href":"https:\/\/www.logotel.it\/en\/wp-json\/wp\/v2\/posts\/8833\/revisions"}],"predecessor-version":[{"id":9779,"href":"https:\/\/www.logotel.it\/en\/wp-json\/wp\/v2\/posts\/8833\/revisions\/9779"}],"wp:featuredmedia":[{"embeddable":true,"href":"https:\/\/www.logotel.it\/en\/wp-json\/wp\/v2\/media\/8389"}],"wp:attachment":[{"href":"https:\/\/www.logotel.it\/en\/wp-json\/wp\/v2\/media?parent=8833"}],"wp:term":[{"taxonomy":"category","embeddable":true,"href":"https:\/\/www.logotel.it\/en\/wp-json\/wp\/v2\/categories?post=8833"},{"taxonomy":"post_tag","embeddable":true,"href":"https:\/\/www.logotel.it\/en\/wp-json\/wp\/v2\/tags?post=8833"}],"curies":[{"name":"wp","href":"https:\/\/api.w.org\/{rel}","templated":true}]}}